{"id":1217,"date":"2018-06-18T11:28:30","date_gmt":"2018-06-18T11:28:30","guid":{"rendered":"http:\/\/reunionesdeestudiosregionales.org\/valencia2018\/es\/?p=1217"},"modified":"2019-06-12T13:01:40","modified_gmt":"2019-06-12T11:01:40","slug":"llamada-a-los-trabajos-completos-o-resumenes-ampliados","status":"publish","type":"post","link":"https:\/\/reunionesdeestudiosregionales.org\/valencia2018\/va\/llamada-a-los-trabajos-completos-o-resumenes-ampliados\/","title":{"rendered":"Crida als treballs complets o resums ampliats"},"content":{"rendered":"<p>Per a l&#8217;acceptaci\u00f3 definitiva, \u00e9s imprescindible lliurar el text complet de la comunicaci\u00f3 o, si no, el resum ampliat. L&#8217;enviament s&#8217;ha de fer a trav\u00e9s de l&#8217;\u00e0rea de gesti\u00f3 privada de la p\u00e0gina web del Congr\u00e9s, establint com a data l\u00edmit d&#8217;enviament el proper 15 de setembre.<\/p>\n<p>Li recordem la necessitat d&#8217;utilitzar la plantilla de comunicaci\u00f3 establerta i verificar les normes d&#8217;estil fixades, per tal que el format de les diferents comunicacions sigui homogeni.<\/p>","protected":false},"excerpt":{"rendered":"<p>Per a l&#8217;acceptaci\u00f3 definitiva, \u00e9s imprescindible lliurar el text complet de la comunicaci\u00f3 o, si no, el resum ampliat. L&#8217;enviament s&#8217;ha de fer a trav\u00e9s de l&#8217;\u00e0rea de gesti\u00f3 privada de la p\u00e0gina web del Congr\u00e9s, establint com a data l\u00edmit d&#8217;enviament el proper 15 de setembre. Li recordem la necessitat d&#8217;utilitzar la plantilla de [&hellip;]<\/p>\n","protected":false},"author":6,"featured_media":0,"comment_status":"open","ping_status":"open","sticky":false,"template":"","format":"standard","meta":{"_acf_changed":false,"footnotes":""},"categories":[1],"tags":[],"class_list":["post-1217","post","type-post","status-publish","format-standard","hentry","category-sin-categoria"],"acf":[],"_links":{"self":[{"href":"https:\/\/reunionesdeestudiosregionales.org\/valencia2018\/va\/wp-json\/wp\/v2\/posts\/1217","targetHints":{"allow":["GET"]}}],"collection":[{"href":"https:\/\/reunionesdeestudiosregionales.org\/valencia2018\/va\/wp-json\/wp\/v2\/posts"}],"about":[{"href":"https:\/\/reunionesdeestudiosregionales.org\/valencia2018\/va\/wp-json\/wp\/v2\/types\/post"}],"author":[{"embeddable":true,"href":"https:\/\/reunionesdeestudiosregionales.org\/valencia2018\/va\/wp-json\/wp\/v2\/users\/6"}],"replies":[{"embeddable":true,"href":"https:\/\/reunionesdeestudiosregionales.org\/valencia2018\/va\/wp-json\/wp\/v2\/comments?post=1217"}],"version-history":[{"count":2,"href":"https:\/\/reunionesdeestudiosregionales.org\/valencia2018\/va\/wp-json\/wp\/v2\/posts\/1217\/revisions"}],"predecessor-version":[{"id":2394,"href":"https:\/\/reunionesdeestudiosregionales.org\/valencia2018\/va\/wp-json\/wp\/v2\/posts\/1217\/revisions\/2394"}],"wp:attachment":[{"href":"https:\/\/reunionesdeestudiosregionales.org\/valencia2018\/va\/wp-json\/wp\/v2\/media?parent=1217"}],"wp:term":[{"taxonomy":"category","embeddable":true,"href":"https:\/\/reunionesdeestudiosregionales.org\/valencia2018\/va\/wp-json\/wp\/v2\/categories?post=1217"},{"taxonomy":"post_tag","embeddable":true,"href":"https:\/\/reunionesdeestudiosregionales.org\/valencia2018\/va\/wp-json\/wp\/v2\/tags?post=1217"}],"curies":[{"name":"wp","href":"https:\/\/api.w.org\/{rel}","templated":true}]}}